{"id":15986,"date":"2019-04-17T10:54:42","date_gmt":"2019-04-17T10:54:42","guid":{"rendered":"http:\/\/www.agroland.ro\/?p=15986"},"modified":"2023-02-10T11:42:33","modified_gmt":"2023-02-10T09:42:33","slug":"povestea-lui-marcu","status":"publish","type":"post","link":"https:\/\/agroland.ro\/c\/povestea-lui-marcu\/","title":{"rendered":"Povestea lui Marcu"},"content":{"rendered":"<p>Povestea acestui sufletel incepe asa:<\/p>\n<p>\u201cBunica mea avea un c\u00e2ine de vreo 8 ani de zile. Marcu era cel mai bun c\u00e2ine pentru ea. Dormea pe pragul u\u0219ii \u0219i orice ii spunea, el asculta \u0219i facea. Recent, el a ie\u0219it prin gr\u0103dina afara din curte \u0219i a m\u00e2ncat ceva otr\u0103vit. Din p\u0103cate, chiar \u0219i cu interven\u021bia medicului veterinar, nu a supravie\u021buit. Bunica a fost devastat\u0103, dar a spus ca nu poate las\u0103 curtea f\u0103r\u0103 un c\u00e2ine a\u0219a ca am decis sa mergem la ad\u0103postul Danyflor din Timisoara \u0219i sa adoptam un c\u0103\u021bel.<\/p>\n<p>Dup\u0103 o jum\u0103tate de ora petrecuta in ad\u0103post, ea a spus ca este un sigur c\u0103\u021bel pe care \u00eel vrea. C\u00e2nd am v\u0103zut c\u0103\u021belul am inteles de ce; sem\u0103na enorm cu Marcu al ei.<\/p>\n<p><a href=\"https:\/\/www.agroland.ro\/c\/wp-content\/uploads\/2019\/04\/57504120_1082177121977127_8852661280549371904_n.jpg\"><img loading=\"lazy\" decoding=\"async\" class=\"alignnone size-full wp-image-15988\" src=\"https:\/\/www.agroland.ro\/c\/wp-content\/uploads\/2019\/04\/57504120_1082177121977127_8852661280549371904_n.jpg\" alt=\"\" width=\"3024\" height=\"4032\" \/><\/a><\/p>\n<p>Drumul c\u0103tre casa a fost f\u0103r\u0103 peripe\u021bii pentru ca noul c\u0103\u021bel era at\u00e2ta de speriat \u00eenc\u00e2t nu a ie\u0219it de sub scaunul \u0219oferului.<\/p>\n<p>C\u00e2nd l-am b\u0103gat in curte \u0219i l-am scos din lesa, a fugit \u0219i s-a ascuns dup\u0103 o bicicleta, urm\u00e2nd ca zilele urm\u0103toare sa fuga sub cotarca de porumb de fiecare data c\u00e2nd auzea voci. Pe l\u00e2ng\u0103 asta, tremura instant c\u00e2nd intra cineva in curte sau auzea pe cineva l\u00e2ng\u0103 el. Era traumatizat \u0219i era \u0219ocat de orice sunet puternic.<\/p>\n<p>Bunica a tot \u00eencercat sa \u00eel cheme sa ii dea de m\u00e2ncare in prima zi, dar nu a reu\u0219it. In a doua zi a venit c\u0103tre ea dar la o distan\u021b\u0103 de 3-4 metri, dar nu mai aproape. Bunica i-a l\u0103sat m\u00e2ncarea afara \u0219i a observat ca dup\u0103 o zi aceasta disparuse, semn ca a m\u00e2ncat ce i-a pus. C\u00e2nd l-a chemat din nou sa ii dea de m\u00e2ncare, bietul c\u0103\u021bel a luat repede de pe jos m\u00e2ncarea \u0219i a fugit pentru a se ascunde; b\u0103nuiesc ca era b\u0103tut de ceilal\u021bi c\u0103\u021bei c\u00e2nd m\u00e2ncau la ad\u0103post.<\/p>\n<p>A cincea zi a fost cu noroc, c\u0103\u021belul a \u00eenceput sa exploreze curtea chiar in timp ce era bunica mea afara. A venit c\u00e2nd l-a chemat sa ii dea de m\u00e2ncare, dar din nou, doar la un metru distan\u021b\u0103. In momentul in care eu sau bunica ne apropiem la mai pu\u021bin de 1 metru de el, se ridica \u0219i pleac\u0103. Oricum, faptul ca ne accepta prezenta este un progres enorm fata de primele zile \u0219i sper ca in c\u00e2teva s\u0103pt\u0103m\u00e2ni sa ne lase sa ne jucam cu el.<\/p>\n<p><a href=\"https:\/\/www.agroland.ro\/c\/wp-content\/uploads\/2019\/04\/57486130_2610868672261416_5167507356929490944_n-1-1.jpg\"><img loading=\"lazy\" decoding=\"async\" class=\"alignnone size-full wp-image-15991\" src=\"https:\/\/www.agroland.ro\/c\/wp-content\/uploads\/2019\/04\/57486130_2610868672261416_5167507356929490944_n-1-1.jpg\" alt=\"\" width=\"3009\" height=\"2438\" \/><\/a><\/p>\n<p>Bunica nu i-a dat oficial un nume, dar eu o aud mereu ca \u00eel striga Marcu. Chiar mi-a spus ca se vede o diferen\u021ba imensa fata de prima zi: \u201c Uite ce ochi \u0219i ce blana frumoasa are, parca a ren\u0103scut\u201d .<\/p>\n<p>Eu i-am propus sa \u00eel numim Lucky, pentru ca este un c\u00e2ine norocos care a reu\u0219it sa scape de cu\u0219ca din ad\u0103post \u0219i sa g\u0103seasc\u0103 o casa \u0219i o familie pentru tot restul vie\u021bii lui. A spus ca e un nume bun, dar ca ea ii spune \u0219i Lucky \u0219i Marcu, pentru ca ii aminte\u0219te de el. \u2764\u201d<\/p>\n<p>Aceasta poveste frumoasa, cu final fericit a fost scrisa si trimisa Echipei Agroland de catre Diana Doczi.<\/p>\n<p>Multumim Dianei si bunicii dansei pentru ca au dorit sa impartaseaca cu noi povestea lui Marcu, si nu in ultimul rand faptul ca au adoptat si salvat viata unui suflet atat de pur si bland care ofera iubire neconditionata.<\/p>\n<p>Speram ca aceasta poveste sa inspire si sa determine si alti cititori sau iubitori de animale sa adopte.<\/p>\n<p>Nu uitati: in ochii unor astfel de suflete, noi suntem eroii! Pentru ca pu\u021binul nostru inseamna enorm pentru ei.<\/p>\n<h3><strong>Ai salvat \u0219i tu un c\u00e2ine sau o pisic\u0103? Trimite-ne povestea ta!<\/strong><\/h3>\n<p><strong>Dac\u0103 \u0219i tu te numeri printre cei care au o poveste asem\u0103n\u0103toare, te invit\u0103m s\u0103 ne poveste\u0219ti mai multe. Scrie-ne la adresa\u00a0<a href=\"mailto:marketing@agroland.ro\">marketing@agroland.ro<\/a>\u00a0\u0219i trimite-ne c\u00e2teva fotografii, al\u0103turi de datele tale contact.\u00a0<\/strong><\/p>\n<p><strong>O dat\u0103 pe s\u0103pt\u0103m\u00e2n\u0103, vom publica pe blogul Agroland o poveste care ne-a impresionat, \u0219i vom premia efortul t\u0103u de a salva un animal cu un sac de\u00a0<a href=\"https:\/\/agroland.ro\/10-petshop\">hran\u0103 pentru animale\u00a0de\u00a0companie<\/a>.<\/strong><\/p>\n","protected":false},"excerpt":{"rendered":"<p>Povestea acestui sufletel incepe asa: \u201cBunica mea avea un c\u00e2ine de vreo 8 ani de zile. Marcu era cel mai bun c\u00e2ine pentru ea. Dormea pe pragul u\u0219ii \u0219i orice ii spunea, el asculta \u0219i facea. Recent, el a ie\u0219it prin gr\u0103dina afara din curte \u0219i a m\u00e2ncat ceva otr\u0103vit. Din p\u0103cate, chiar \u0219i cu&hellip; <a class=\"more-link\" href=\"https:\/\/agroland.ro\/c\/povestea-lui-marcu\/\">Continu\u0103 lectura <span class=\"screen-reader-text\">Povestea lui Marcu<\/span><\/a><\/p>\n","protected":false},"author":25,"featured_media":15992,"comment_status":"open","ping_status":"closed","sticky":true,"template":"","format":"standard","meta":{"_acf_changed":false,"_et_pb_use_builder":"","_et_pb_old_content":"","_et_gb_content_width":"","inline_featured_image":false,"footnotes":""},"categories":[39,110],"tags":[1415,104,678,799],"class_list":["post-15986","post","type-post","status-publish","format-standard","has-post-thumbnail","hentry","category-blog","category-concurs","tag-adopta-un-caine","tag-agroland","tag-petshop","tag-salveaza-un-caine","entry"],"acf":[],"_links":{"self":[{"href":"https:\/\/agroland.ro\/c\/wp-json\/wp\/v2\/posts\/15986","targetHints":{"allow":["GET"]}}],"collection":[{"href":"https:\/\/agroland.ro\/c\/wp-json\/wp\/v2\/posts"}],"about":[{"href":"https:\/\/agroland.ro\/c\/wp-json\/wp\/v2\/types\/post"}],"author":[{"embeddable":true,"href":"https:\/\/agroland.ro\/c\/wp-json\/wp\/v2\/users\/25"}],"replies":[{"embeddable":true,"href":"https:\/\/agroland.ro\/c\/wp-json\/wp\/v2\/comments?post=15986"}],"version-history":[{"count":2,"href":"https:\/\/agroland.ro\/c\/wp-json\/wp\/v2\/posts\/15986\/revisions"}],"predecessor-version":[{"id":33490,"href":"https:\/\/agroland.ro\/c\/wp-json\/wp\/v2\/posts\/15986\/revisions\/33490"}],"wp:featuredmedia":[{"embeddable":true,"href":"https:\/\/agroland.ro\/c\/wp-json\/wp\/v2\/media\/15992"}],"wp:attachment":[{"href":"https:\/\/agroland.ro\/c\/wp-json\/wp\/v2\/media?parent=15986"}],"wp:term":[{"taxonomy":"category","embeddable":true,"href":"https:\/\/agroland.ro\/c\/wp-json\/wp\/v2\/categories?post=15986"},{"taxonomy":"post_tag","embeddable":true,"href":"https:\/\/agroland.ro\/c\/wp-json\/wp\/v2\/tags?post=15986"}],"curies":[{"name":"wp","href":"https:\/\/api.w.org\/{rel}","templated":true}]}}