{"id":17770,"date":"2020-07-03T14:04:28","date_gmt":"2020-07-03T14:04:28","guid":{"rendered":"http:\/\/www.agroland.ro\/?p=17770"},"modified":"2023-02-09T09:57:36","modified_gmt":"2023-02-09T07:57:36","slug":"gradina-in-luna-iulie","status":"publish","type":"post","link":"https:\/\/agroland.ro\/c\/gradina-in-luna-iulie\/","title":{"rendered":"Gr\u0103dina \u00een luna iulie"},"content":{"rendered":"<p>\u00cen luna lui cuptor, gradele din termometre sunt tot mai mari. \u00cen perioada aceasta gr\u0103dina cu flori devine tot mai colorat\u0103, iar legumele \u00eencep s\u0103 prind\u0103 contur pentru a avea c\u0103mara plin\u0103 \u00een sezonul ce urmeaz\u0103.<\/p>\n<p>Activit\u0103\u021bile din gr\u0103din\u0103 acoper\u0103 toate sferele: flori, legume, fructe, gazon. Printre activit\u0103\u021biile esen\u021biale se num\u0103r\u0103 irigarea corespunz\u0103toare, mai ales \u00een perioadele secetoase. Pe l\u00e2ng\u0103 irigat, am preg\u0103tit mai jos o list\u0103 cu principalele activit\u0103\u021bi din gr\u0103din\u0103 \u00een luna iulie<\/p>\n<p><strong>Pomii fructiferi \u0219i arbu\u0219tii fructiferi<\/strong><\/p>\n<p>\u00cen iulie se culeg ultimele recolte de cire\u0219e \u0219i vi\u0219ine \u0219i se continu\u0103 cu piersici \u0219i caise. \u00cen cazul \u00een care pomii produc o cantitate mult mai mare de fructe ce ajung s\u0103 cad\u0103 pe jos, culegele imediat. Este important ca zona din jurul pomilor s\u0103 fie curat\u0103 pentru a nu favoriza apari\u021bia d\u0103un\u0103torilor.<\/p>\n<p>\u00cen aceast\u0103 lun\u0103 este momentul s\u0103 ajut\u0103m pomii ce urmeaz\u0103 s\u0103 rodeasc\u0103 prin ata\u0219area unor suporturi pe care vor sta crengile \u00eenc\u0103rcate cu fructe. De asemenea, fructele care nu se coc uniform trebuie culese, \u00een cazul \u00een care sunt prea apropiate \u00eentre ele, pentru a putea facilita accesul razelor soarelui.<\/p>\n<p>Vi\u021ba de vie trebui legat\u0103 de araci pentru a dirija cre\u0219terea l\u0103starilor.<\/p>\n<p>\u00cen aceast\u0103 perioad\u0103 \u00eencep s\u0103 se coac\u0103 \u0219i arbu\u0219tii fructiferi, precum zmeura, murele, coac\u0103zele \u0219i afinele.<\/p>\n<p><strong>Gr\u0103dina de legume<\/strong><\/p>\n<p>Important \u00een aceast\u0103 lun\u0103 este s\u0103 irig\u0103m corespunz\u0103tor legumele, \u00een func\u021bie de nevoile fiec\u0103reia. De asemenea, se vor \u00eenl\u0103tura buruienile.<\/p>\n<p>\u00cen aceast\u0103 lun\u0103 trebuie verificat \u00een permanen\u021b\u0103 \u0219i gradul de dezvoltare a legumelor \u0219i culese pe m\u0103sur\u0103 ce se coc. \u00cen felul acesta vom favoriza cre\u0219terea urm\u0103torului r\u00e2nd de legume. Este momentul s\u0103 culegem maz\u0103rea sau recoltele timpurii de cartofi, dovlecei, fasole p\u0103st\u0103i etc. De asemenea, ceapa \u0219i usturoiul se las\u0103 la uscat.<\/p>\n<p>Cultura de morcovi, p\u0103trunjelul de r\u0103d\u0103cin\u0103 \u0219i \u021belin\u0103 trebuie r\u0103rit\u0103 pentru a se putea dezvolta normal. Se recomand\u0103 t\u0103ierea frunzelor pentru a stimula cre\u0219terea r\u0103d\u0103cinii.<\/p>\n<p>Ro\u0219iile se leag\u0103 pe araci, dac\u0103 este necesar. Chiar \u0219i noii l\u0103stari se vor lega pe araci pentru a nu permite ruperea crengilor din cauza greut\u0103\u021bii fructelor.<\/p>\n<p>P\u0103m\u00e2ntul eliberat de recoltele timpurii trebuie preg\u0103tit pentru recoltele de toamn\u0103. \u00cen iulie se poate \u00eencepe plantarea semin\u021belor de <a href=\"https:\/\/agroland.ro\/gradina-si-livada\/1390-seminte-sfecla-rosie-detroit-2.html\">sfecl\u0103 ro\u0219ie<\/a>, <a href=\"https:\/\/agroland.ro\/gradina-si-livada\/1432-seminte-fasole-dalmaziano-45-g.html\">fasole<\/a>, <a href=\"https:\/\/agroland.ro\/gradina-si-livada\/4528-semine-de-ceapa-tirbei.html\">ceap\u0103<\/a>, <a href=\"https:\/\/agroland.ro\/gradina-si-livada\/4518-semine-de-varza-victoria-f1.html\">varz\u0103<\/a>, <a href=\"https:\/\/agroland.ro\/gradina-si-livada\/4529-semine-de-conopida-moldovia-f1.html\">conopid\u0103<\/a> sau <a href=\"https:\/\/agroland.ro\/gradina-si-livada\/4348-semine-banda-salata-lento-.html\">salat\u0103<\/a>.<\/p>\n<p><a href=\"https:\/\/www.agroland.ro\/c\/wp-content\/uploads\/2020\/07\/iulie.jpg\"><img loading=\"lazy\" decoding=\"async\" class=\"size-large wp-image-17772 aligncenter\" src=\"https:\/\/www.agroland.ro\/c\/wp-content\/uploads\/2020\/07\/iulie-1024x683.jpg\" alt=\"\" width=\"1024\" height=\"683\" srcset=\"https:\/\/agroland.ro\/c\/wp-content\/uploads\/2020\/07\/iulie-1024x683.jpg 1024w, https:\/\/agroland.ro\/c\/wp-content\/uploads\/2020\/07\/iulie-300x200.jpg 300w, https:\/\/agroland.ro\/c\/wp-content\/uploads\/2020\/07\/iulie-768x512.jpg 768w, https:\/\/agroland.ro\/c\/wp-content\/uploads\/2020\/07\/iulie-1000x667.jpg 1000w, https:\/\/agroland.ro\/c\/wp-content\/uploads\/2020\/07\/iulie-500x333.jpg 500w, https:\/\/agroland.ro\/c\/wp-content\/uploads\/2020\/07\/iulie.jpg 1500w\" sizes=\"(max-width: 1024px) 100vw, 1024px\" \/><\/a><\/p>\n<p><strong>Gr\u0103dina cu flori<\/strong><\/p>\n<p>Iulie este luna \u00een care explozia de culoare \u0219i miresme ia amploare. Multe flori \u00eenfloresc \u00een perioada aceasta, iar pentru men\u021binerea s\u0103n\u0103t\u0103\u021bii lor este important s\u0103 le ud\u0103m periodic \u0219i s\u0103 elimin\u0103m buruienile care cresc \u00eentre ele.<\/p>\n<p>Atunci c\u00e2nd irig\u0103m florile, nu trebuie udate frunzele, deoarece razele puternice ale soarelui vor duce la arderea acestora. Perioada optim\u0103 din zi pentru udare este diminea\u021ba devreme sau seara dup\u0103 apusul soarelui. Atunci soarele nu mai are at\u00e2ta putere, iar florile nu vor suferi \u0219ocuri de temperatur\u0103.<\/p>\n<p><strong>Gazonul<\/strong><\/p>\n<p>Gazonul nu trebuie neglijat nici \u00een luna iulie. Acesta trebuie tuns cu regularitate. \u00cen articolul <a href=\"https:\/\/www.agroland.ro\/ingrijirea-gazonului-vara\/\">\u00cengrijirea gazonului vara<\/a> \u00ee\u021bi prezent\u0103m mai multe informa\u021bii privitoare la \u00eentre\u021binerea lui \u00een lunile c\u0103lduroase.<\/p>\n<blockquote><p>Sfat: las\u0103 gazonul cu 5-10 cm mai lung, pentru a nu l\u0103sa umezeala din sol s\u0103 se evapore prea repede.<\/p><\/blockquote>\n<p>Fiecare col\u021bi\u0219or din gr\u0103din\u0103 are nevoie de aten\u021bia noastr\u0103 \u00een luniile de var\u0103. Trebuie verificat constant solul, umiditatea \u0219i s\u0103 ne asigur\u0103m de lipsa d\u0103un\u0103torilor. Buruienile trebuie eliminate permanent, deoarece consum\u0103 din nutrien\u021bii solului.<\/p>\n<p>\u00ce\u021bi dorim o gr\u0103din\u0103 cu roade bogate!<\/p>\n","protected":false},"excerpt":{"rendered":"<p>\u00cen luna lui cuptor, gradele din termometre sunt tot mai mari. \u00cen perioada aceasta gr\u0103dina cu flori devine tot mai colorat\u0103, iar legumele \u00eencep s\u0103 prind\u0103 contur pentru a avea c\u0103mara plin\u0103 \u00een sezonul ce urmeaz\u0103. Activit\u0103\u021bile din gr\u0103din\u0103 acoper\u0103 toate sferele: flori, legume, fructe, gazon. Printre activit\u0103\u021biile esen\u021biale se num\u0103r\u0103 irigarea corespunz\u0103toare, mai ales&hellip; <a class=\"more-link\" href=\"https:\/\/agroland.ro\/c\/gradina-in-luna-iulie\/\">Continu\u0103 lectura <span class=\"screen-reader-text\">Gr\u0103dina \u00een luna iulie<\/span><\/a><\/p>\n","protected":false},"author":26,"featured_media":17771,"comment_status":"open","ping_status":"closed","sticky":true,"template":"","format":"standard","meta":{"_acf_changed":false,"_et_pb_use_builder":"","_et_pb_old_content":"","_et_gb_content_width":"","inline_featured_image":false,"footnotes":""},"categories":[103,40],"tags":[1428,122,128,1177,149],"class_list":["post-17770","post","type-post","status-publish","format-standard","has-post-thumbnail","hentry","category-gradina-livada","category-specialistul-agroland","tag-activitati-gradina-in-iulie","tag-gradina","tag-gradina-de-legume","tag-gradina-in-vara","tag-pomi-fructiferi","entry"],"acf":[],"_links":{"self":[{"href":"https:\/\/agroland.ro\/c\/wp-json\/wp\/v2\/posts\/17770","targetHints":{"allow":["GET"]}}],"collection":[{"href":"https:\/\/agroland.ro\/c\/wp-json\/wp\/v2\/posts"}],"about":[{"href":"https:\/\/agroland.ro\/c\/wp-json\/wp\/v2\/types\/post"}],"author":[{"embeddable":true,"href":"https:\/\/agroland.ro\/c\/wp-json\/wp\/v2\/users\/26"}],"replies":[{"embeddable":true,"href":"https:\/\/agroland.ro\/c\/wp-json\/wp\/v2\/comments?post=17770"}],"version-history":[{"count":3,"href":"https:\/\/agroland.ro\/c\/wp-json\/wp\/v2\/posts\/17770\/revisions"}],"predecessor-version":[{"id":33377,"href":"https:\/\/agroland.ro\/c\/wp-json\/wp\/v2\/posts\/17770\/revisions\/33377"}],"wp:featuredmedia":[{"embeddable":true,"href":"https:\/\/agroland.ro\/c\/wp-json\/wp\/v2\/media\/17771"}],"wp:attachment":[{"href":"https:\/\/agroland.ro\/c\/wp-json\/wp\/v2\/media?parent=17770"}],"wp:term":[{"taxonomy":"category","embeddable":true,"href":"https:\/\/agroland.ro\/c\/wp-json\/wp\/v2\/categories?post=17770"},{"taxonomy":"post_tag","embeddable":true,"href":"https:\/\/agroland.ro\/c\/wp-json\/wp\/v2\/tags?post=17770"}],"curies":[{"name":"wp","href":"https:\/\/api.w.org\/{rel}","templated":true}]}}