{"id":37068,"date":"2024-02-26T20:35:03","date_gmt":"2024-02-26T18:35:03","guid":{"rendered":"https:\/\/agroland.ro\/c\/?p=37068"},"modified":"2024-08-26T09:59:39","modified_gmt":"2024-08-26T06:59:39","slug":"cum-sa-amenajezi-o-gradina-familiala-cu-pomi-si-arbusti-fructiferi","status":"publish","type":"post","link":"https:\/\/agroland.ro\/c\/cum-sa-amenajezi-o-gradina-familiala-cu-pomi-si-arbusti-fructiferi\/","title":{"rendered":"Cum s\u0103 amenajezi o gr\u0103din\u0103 familial\u0103 cu pomi \u0219i arbu\u0219ti fructiferi"},"content":{"rendered":"\n<p>Cei mai mul\u021bi dintre noi, atunci c\u00e2nd achizi\u021bioneaz\u0103 <a href=\"https:\/\/agroland.ro\/107-pomi-fructiferi\">puie\u021bi de pomi fructiferi<\/a>, o facem pentru a amenaja gr\u0103dina sau curtea care \u00eemprejmuie\u0219te casa. Ne dorim o livad\u0103 familial\u0103, care s\u0103 r\u0103spund\u0103 nevoilor unei familii medii pentru procurarea fructelor proaspete \u0219i pentru conservare. Avem c\u00e2teva recomand\u0103ri esen\u021biale pentru o amenajare productiv\u0103 cu pomi \u0219i arbu\u0219ti fructiferi.<\/p>\n\n\n<div class=\"wp-block-image\">\n<figure class=\"aligncenter size-full\"><img loading=\"lazy\" decoding=\"async\" width=\"739\" height=\"495\" src=\"https:\/\/agroland.ro\/c\/wp-content\/uploads\/2024\/02\/amenajare-gradina-familiala.png\" alt=\"Amenajarea unei gradini familiale\" class=\"wp-image-37069\" srcset=\"https:\/\/agroland.ro\/c\/wp-content\/uploads\/2024\/02\/amenajare-gradina-familiala.png 739w, https:\/\/agroland.ro\/c\/wp-content\/uploads\/2024\/02\/amenajare-gradina-familiala-300x201.png 300w, https:\/\/agroland.ro\/c\/wp-content\/uploads\/2024\/02\/amenajare-gradina-familiala-500x335.png 500w\" sizes=\"(max-width: 739px) 100vw, 739px\" \/><\/figure>\n<\/div>\n\n\n<p>Un teren \u00eemprejmuit, fie c\u0103 este curte sau gr\u0103din\u0103, poate fi locul perfect pentru plantarea unor pomi fructiferi \u0219i c\u00e2\u021biva arbu\u0219ti fructiferi care se preteaz\u0103 pentru zona respectiv\u0103. Stabilirea amplasamentului pomilor \u0219i alegerea <a href=\"https:\/\/agroland.ro\/72-arbusti-fructiferi\">arbu\u0219tilor fructiferi<\/a> pentru a ob\u021bine efectul decorativ dorit, poate fi cople\u0219itor. Trebuie \u021binut cont  \u0219i performan\u021be economice care se ob\u021bin \u00een urma amenaj\u0103rii gr\u0103dinii.<\/p>\n\n\n\n<h2 class=\"wp-block-heading\">Ce teren se preteaz\u0103 pentru gr\u0103dina familial\u0103<\/h2>\n\n\n\n<p>Suprafa\u021ba de teren destinat\u0103 gr\u0103dinii trebuie s\u0103 fie \u00eensorit\u0103, protejat\u0103 de v\u00e2nt, at\u00e2t c\u00e2t este posibil, iar solul trebuie s\u0103 fie de textur\u0103 mijlocie. Solul de textur\u0103 mijlocie este un sol care con\u021bine propor\u021bii echilibrate de nisip, lut \u0219i materie organic\u0103. Acest tip de sol are o textur\u0103 care se situeaz\u0103 \u00eentre solurile nisipoase \u0219i cele argiloase, fiind considerat un sol de calitate bun\u0103 pentru gr\u0103din\u0103rit. Solul de textur\u0103 mijlocie este capabil s\u0103 re\u021bin\u0103 suficient\u0103 umiditate pentru plante, \u00een timp ce permite drenajul adecvat al apei \u00een exces. Este bogat \u00een substan\u021be nutritive \u0219i ofer\u0103 o bun\u0103 structur\u0103 pentru r\u0103d\u0103cinile plantelor s\u0103 se dezvolte.\u00a0<\/p>\n\n\n\n<h2 class=\"wp-block-heading\">Cum amenajezi livada<\/h2>\n\n\n\n<p>Pentru aceast\u0103 amenajare s-au ales arbori cu tulpini de diferite \u00een\u0103l\u021bimi, tocmai pentru a fi ocupat terenul \u00een mod corespunz\u0103tor. Dintre arborii ale\u0219i, trebuie s\u0103 fie pomi cu vigoare mijlocie, medie \u0219i arbu\u0219ti, a\u0219a \u00eenc\u00e2t s\u0103 fie diferen\u021be de \u00een\u0103l\u021bime. La plantare nu uita s\u0103 preg\u0103te\u0219ti locul. \u00cenainte de plantare, dup\u0103 formarea gropii, se adaug\u0103 200 g de <a href=\"https:\/\/agroland.ro\/gradina-si-livada\/6557-ferticomplex-npk-151515-ingrasamant-2-kg.html\">NPK 15.15.15<\/a> \u00een fiecare groap\u0103. Dup\u0103 plantare se ud\u0103 puie\u021bii cu Kinactiv Root 40 ml\/ 20 l ap\u0103, la r\u0103d\u0103cin\u0103.&nbsp;<\/p>\n\n\n\n<p><\/p>\n\n\n\n<figure class=\"wp-block-table aligncenter\"><table><tbody><tr><td colspan=\"2\"><strong>Cum amenajezi livada familial\u0103&nbsp;<\/strong><\/td><\/tr><tr><td><strong>Soiul de pom\/arbust<\/strong><\/td><td><strong>Locul de plantare<\/strong><\/td><\/tr><tr><td>P\u0103r de vigoare mare<\/td><td>se pozi\u021bioneaz\u0103 \u00een col\u021bul gr\u0103dinii<\/td><\/tr><tr><td>P\u0103r de vigoare medie<\/td><td>pe latura lung\u0103, l\u00e2ng\u0103 p\u0103rul de vigoare mare<\/td><\/tr><tr><td>P\u0103r altoi, vigoare medie<\/td><td>pe latura scurt\u0103, l\u00e2ng\u0103 p\u0103rul de vigoare mare<\/td><\/tr><tr><td>M\u0103r Golden Delicious<\/td><td>\u00een col\u021bul opus al gr\u0103dinii, pe latura lung\u0103<\/td><\/tr><tr><td>Coac\u0103z alb, tuf\u0103<\/td><td>\u00eentre p\u0103rul mediu \u0219i m\u0103rul Golden Delicious<\/td><\/tr><tr><td>M\u0103r Florina<\/td><td>pe latura scurt\u0103, dup\u0103 Golden Delicious<\/td><\/tr><tr><td>Alun, mai multe tulpini<\/td><td>se pozi\u021bioneaz\u0103 \u00een col\u021bul gr\u0103dinii&nbsp;<\/td><\/tr><tr><td>Agri\u0219, tuf\u0103<\/td><td>\u00een apropierea alunului<\/td><\/tr><tr><td><a href=\"https:\/\/agroland.ro\/gradina-si-livada\/4570-coacaz-negru-fertodi-arbust-fructifer-cu-radacina-protejata.html\">Coac\u0103z negru<\/a> sau alb<\/td><td>\u00eentre meri \u0219i peri<\/td><\/tr><tr><td><a href=\"https:\/\/agroland.ro\/gradina-si-livada\/4571-coacaz-rou-jonkheer-arbust-fructifer-cu-radacina-protejata.html\">Coac\u0103z ro\u0219u<\/a>, tuf\u0103<\/td><td>\u00een preajma alunului<\/td><\/tr><tr><td><a href=\"https:\/\/agroland.ro\/gradina-si-livada\/2648-afin-bluecrop.html\">Afin<\/a> tuf\u0103<\/td><td>\u00eentre coac\u0103z \u0219i pomii fructiferi<\/td><\/tr><tr><td><a href=\"https:\/\/agroland.ro\/gradina-si-livada\/2269-zmeur-rosu-fertodi-zamatos.html\">Zmeur<\/a> pe spalier<\/td><td>\u00een dreptul potecii de acces<\/td><\/tr><tr><td>Vi\u0219in de vigoare medie<\/td><td>la intrarea pe poteca de acces<\/td><\/tr><tr><td>Cire\u0219 de vigoare medie<\/td><td>la intrarea pe poteca de acces<\/td><\/tr><tr><td>Prun de vigoare medie<\/td><td>la marginea potecii de acces<\/td><\/tr><tr><td>Nectarin de vigoare medie<\/td><td>la marginea potecii de acces<\/td><\/tr><tr><td colspan=\"2\" rowspan=\"4\"><strong>Recomandarea Specialistului Agroland<\/strong> ?<br><strong>Achizi\u021bioneaz\u0103 material s\u0103ditor cu r\u0103d\u0103cina protejat\u0103, provenit dintr-o surs\u0103 autohton\u0103 \u0219i acreditat\u0103.<\/strong><br><strong> ? <a href=\"https:\/\/agroland.ro\/107-pomi-fructiferi\">pomi fructiferi<\/a> \u0219i ? <a href=\"https:\/\/agroland.ro\/72-arbusti-fructiferi\">arbu\u0219ti fructiferi<\/a>\u00a0<\/strong><\/td><\/tr><\/tbody><\/table><\/figure>\n\n\n\n<p>\u00cemparte terenul \u00een dou\u0103 jum\u0103t\u0103\u021bi egale, pe lat, \u0219i traseaz\u0103 imaginar o potec\u0103 de acces. Acel spa\u021biu va fi l\u0103sat liber. Pomii fructiferi mai mari vor fi plasa\u021bi mai aproape de gard. La achizi\u021bia pomilor trebuie acordat\u0103 aten\u021bie vigorii soiului. Am specificat mai jos soiurile recomandate \u0219i partea de gr\u0103din\u0103 \u00een care se va face plantarea.<\/p>\n\n\n<div class=\"wp-block-image\">\n<figure class=\"aligncenter size-full\"><img loading=\"lazy\" decoding=\"async\" width=\"621\" height=\"361\" src=\"https:\/\/agroland.ro\/c\/wp-content\/uploads\/2024\/02\/amenajare-gradina.png\" alt=\"Schi\u021b\u0103 amenajare livad\u0103\" class=\"wp-image-37070\" srcset=\"https:\/\/agroland.ro\/c\/wp-content\/uploads\/2024\/02\/amenajare-gradina.png 621w, https:\/\/agroland.ro\/c\/wp-content\/uploads\/2024\/02\/amenajare-gradina-300x174.png 300w, https:\/\/agroland.ro\/c\/wp-content\/uploads\/2024\/02\/amenajare-gradina-500x291.png 500w\" sizes=\"(max-width: 621px) 100vw, 621px\" \/><\/figure>\n<\/div>\n\n\n<h2 class=\"wp-block-heading\">Potec\u0103 pietruit\u0103 pentru deplasare<\/h2>\n\n\n\n<p>\u00cen gr\u0103din\u0103 se poate amenaja o potec\u0103 pietruit\u0103 care s\u0103 te ajute la deplasarea printre pomi \u0219i arbu\u0219ti. Timpul ploios poate face deplas\u0103rile foarte dificile prin gr\u0103din\u0103. Amenajarea unei poteci nu este foarte anevoioas\u0103. O potec\u0103 pietruit\u0103 \u00een gr\u0103din\u0103 poate fi realizat\u0103 din diverse materiale, inclusiv:<\/p>\n\n\n\n<ul class=\"wp-block-list\">\n<li>Pietri\u0219 sau pietre mici: aceasta este cea mai comun\u0103 op\u021biune \u0219i poate fi folosit\u0103 \u00een diverse culori \u0219i dimensiuni pentru a crea un aspect estetic pl\u0103cut.<\/li>\n\n\n\n<li>Piatr\u0103 natural\u0103: piatra natural\u0103, precum ardezia, granitul sau marmura, poate fi folosit\u0103 pentru a crea o potec\u0103 solid\u0103 \u0219i durabil\u0103, cu un aspect elegant \u0219i natural.<\/li>\n\n\n\n<li>Pl\u0103ci de beton: pl\u0103cile de beton sau pavelele sunt o alt\u0103 op\u021biune popular\u0103 pentru o potec\u0103 pietruit\u0103. Ele sunt disponibile \u00eentr-o varietate de forme, dimensiuni \u0219i culori.<\/li>\n\n\n\n<li>C\u0103r\u0103mizi sau c\u0103r\u0103mizi de pavaj: c\u0103r\u0103mizile sau c\u0103r\u0103mizile de pavaj pot fi dispuse \u00een diferite modele \u0219i stiluri pentru a crea o potec\u0103 rustic\u0103 sau modern\u0103.<\/li>\n\n\n\n<li>Beton amprentat: betonul amprentat este o op\u021biune durabil\u0103, care poate fi modelat pentru a imita aspectul pietrei naturale sau al c\u0103r\u0103mizilor.<\/li>\n<\/ul>\n\n\n\n<h2 class=\"wp-block-heading\">Loc de preg\u0103tire a compostului<\/h2>\n\n\n\n<p>Este bine s\u0103 te g\u00e2nde\u0219ti din timp la un loc potrivit pentru depozitarea compostului. Din livad\u0103 rezult\u0103 multe resturi vegetale care pot fi transformate \u00een compost, \u0219i ulterior folosite pe post de \u00eengr\u0103\u0219\u0103m\u00e2nt.&nbsp;<\/p>\n\n\n\n<p>Amenajarea unui loc de preparare a compostului necesit\u0103 o planificare atent\u0103 pentru a asigura eficien\u021ba procesului \u0219i pentru a men\u021bine un mediu curat \u0219i ordonat. Avem pentru tine \u0219i un articol despre <a href=\"https:\/\/agroland.ro\/c\/cum-sa-obtii-acasa-compost-organic-pentru-gradina\/\">cum s\u0103 ob\u021bii acas\u0103 compost organic pentru gr\u0103din\u0103<\/a>.&nbsp;<\/p>\n\n\n\n<p>Iat\u0103 c\u00e2teva aspecte de luat \u00een considerare pentru :<\/p>\n\n\n\n<ul class=\"wp-block-list\">\n<li>Alege\u021bi un loc aerisit \u0219i \u00eensorit pentru compostor. Este ideal s\u0103 fie aproape de gr\u0103din\u0103, dar nu \u00eentr-un loc expus v\u00e2nturilor puternice sau prea aproape de zonele de recreere.<\/li>\n<\/ul>\n\n\n\n<ul class=\"wp-block-list\">\n<li>Alege dimensiunea \u0219i tipul compostorului potrivit nevoilor dvs. Exist\u0103 variante de compostori de gr\u0103din\u0103, cu sau f\u0103r\u0103 rota\u021bie, sau po\u021bi construi un compostor din materiale reciclabile sau lemn.<\/li>\n<\/ul>\n\n\n\n<ul class=\"wp-block-list\">\n<li>Asigur\u0103-te c\u0103 ai o baz\u0103 solid\u0103 pentru compostor, cum ar fi un strat de pietri\u0219 sau beton, pentru a preveni scurgerea de ap\u0103 sau de\u0219euri \u00een sol.<\/li>\n<\/ul>\n\n\n\n<p>Ai nevoie \u0219i de o magazie pentru <a href=\"https:\/\/agroland.ro\/92-scule-si-utilaje\">utilajele, scule<\/a> \u0219i <a href=\"https:\/\/agroland.ro\/312-unelte-gradina\">unelte<\/a> necesare pentru amenajarea gr\u0103dinii, iar dac\u0103 bugetul \u00ee\u021bi permite, ai putea s\u0103 amenajezi \u0219i o teras\u0103 cu <a href=\"https:\/\/agroland.ro\/406-mobilier-de-gradina-si-terasa\">mobilier de gr\u0103din\u0103<\/a>. Zilele de var\u0103 pot fi foarte pl\u0103cute \u00een livada cu pomi fructiferi, te po\u021bi bucura de umbr\u0103 \u0219i miros pl\u0103cut de iarb\u0103 verde \u0219i fructe.&nbsp;<\/p>\n\n\n<div class=\"wp-block-image\">\n<figure class=\"aligncenter size-full\"><a href=\"https:\/\/agroland.ro\/c\/ghiduri-agroland-intretinerea-gradinii\/\"><img loading=\"lazy\" decoding=\"async\" width=\"500\" height=\"200\" src=\"https:\/\/agroland.ro\/c\/wp-content\/uploads\/2021\/07\/Substrat-Universal-Agroland-1.png\" alt=\"\" class=\"wp-image-23937\" srcset=\"https:\/\/agroland.ro\/c\/wp-content\/uploads\/2021\/07\/Substrat-Universal-Agroland-1.png 500w, https:\/\/agroland.ro\/c\/wp-content\/uploads\/2021\/07\/Substrat-Universal-Agroland-1-300x120.png 300w\" sizes=\"(max-width: 500px) 100vw, 500px\" \/><\/a><\/figure>\n<\/div>\n\n<div class=\"wp-block-image\">\n<figure class=\"aligncenter size-large\"><a href=\"https:\/\/agroland.ro\/c\/magazinele-noastre\/\"><img loading=\"lazy\" decoding=\"async\" width=\"1024\" height=\"409\" src=\"https:\/\/agroland.ro\/c\/wp-content\/uploads\/2021\/07\/Banner-adrese-magazine-1024x409.png\" alt=\"buton Adrese magazine agroland\" class=\"wp-image-23940\" srcset=\"https:\/\/agroland.ro\/c\/wp-content\/uploads\/2021\/07\/Banner-adrese-magazine-1024x409.png 1024w, https:\/\/agroland.ro\/c\/wp-content\/uploads\/2021\/07\/Banner-adrese-magazine-300x120.png 300w, https:\/\/agroland.ro\/c\/wp-content\/uploads\/2021\/07\/Banner-adrese-magazine-768x307.png 768w, https:\/\/agroland.ro\/c\/wp-content\/uploads\/2021\/07\/Banner-adrese-magazine-1000x400.png 1000w, https:\/\/agroland.ro\/c\/wp-content\/uploads\/2021\/07\/Banner-adrese-magazine-500x200.png 500w, https:\/\/agroland.ro\/c\/wp-content\/uploads\/2021\/07\/Banner-adrese-magazine.png 1183w\" sizes=\"(max-width: 1024px) 100vw, 1024px\" \/><\/a><\/figure>\n<\/div>","protected":false},"excerpt":{"rendered":"<p>Ce pomi fructiferi trebuie s\u0103 fie planta\u021bi \u00eentr-o gr\u0103din\u0103 familial\u0103. Afl\u0103 unde \u00eei pozi\u021bionezi \u0219i cum amenajezi livada. <\/p>\n","protected":false},"author":27,"featured_media":37069,"comment_status":"closed","ping_status":"closed","sticky":true,"template":"","format":"standard","meta":{"_acf_changed":false,"_et_pb_use_builder":"","_et_pb_old_content":"","_et_gb_content_width":"","inline_featured_image":false,"footnotes":""},"categories":[39,103,1454,40],"tags":[2242,2239,2241,2240,2243],"class_list":["post-37068","post","type-post","status-publish","format-standard","has-post-thumbnail","hentry","category-blog","category-gradina-livada","category-pomi-fructiferi","category-specialistul-agroland","tag-ce-pomi-plantez-in-livada-casei","tag-cum-amenajezi-livada","tag-livada-de-marile-medie","tag-livada-familiala","tag-soiuri-de-pomi-fructiferi-pentru-familie","entry"],"acf":[],"_links":{"self":[{"href":"https:\/\/agroland.ro\/c\/wp-json\/wp\/v2\/posts\/37068","targetHints":{"allow":["GET"]}}],"collection":[{"href":"https:\/\/agroland.ro\/c\/wp-json\/wp\/v2\/posts"}],"about":[{"href":"https:\/\/agroland.ro\/c\/wp-json\/wp\/v2\/types\/post"}],"author":[{"embeddable":true,"href":"https:\/\/agroland.ro\/c\/wp-json\/wp\/v2\/users\/27"}],"replies":[{"embeddable":true,"href":"https:\/\/agroland.ro\/c\/wp-json\/wp\/v2\/comments?post=37068"}],"version-history":[{"count":11,"href":"https:\/\/agroland.ro\/c\/wp-json\/wp\/v2\/posts\/37068\/revisions"}],"predecessor-version":[{"id":38352,"href":"https:\/\/agroland.ro\/c\/wp-json\/wp\/v2\/posts\/37068\/revisions\/38352"}],"wp:featuredmedia":[{"embeddable":true,"href":"https:\/\/agroland.ro\/c\/wp-json\/wp\/v2\/media\/37069"}],"wp:attachment":[{"href":"https:\/\/agroland.ro\/c\/wp-json\/wp\/v2\/media?parent=37068"}],"wp:term":[{"taxonomy":"category","embeddable":true,"href":"https:\/\/agroland.ro\/c\/wp-json\/wp\/v2\/categories?post=37068"},{"taxonomy":"post_tag","embeddable":true,"href":"https:\/\/agroland.ro\/c\/wp-json\/wp\/v2\/tags?post=37068"}],"curies":[{"name":"wp","href":"https:\/\/api.w.org\/{rel}","templated":true}]}}