{"id":38606,"date":"2024-09-23T22:03:43","date_gmt":"2024-09-23T19:03:43","guid":{"rendered":"https:\/\/agroland.ro\/c\/?p=38606"},"modified":"2024-09-23T22:06:04","modified_gmt":"2024-09-23T19:06:04","slug":"seminte-de-marar-si-leustean-semanate-toamna","status":"publish","type":"post","link":"https:\/\/agroland.ro\/c\/seminte-de-marar-si-leustean-semanate-toamna\/","title":{"rendered":"Seam\u0103n\u0103  semin\u021bele de m\u0103rar \u0219i leu\u0219tean toamna, vei avea o surpriz\u0103 pl\u0103cut\u0103 \u00een prim\u0103var\u0103"},"content":{"rendered":"\n<p>Bunica mea drag\u0103 \u00eemi spunea mereu c\u0103 m\u0103rarul \u0219i leu\u0219teanul cresc mai bine dac\u0103 sunt sem\u0103nate din toamn\u0103. P\u0103trunjelul cre\u0219tea oricum foarte mult, \u00een repetate r\u00e2nduri, chiar dac\u0103 era sem\u0103nat prim\u0103vara, dar m\u0103rarul \u0219i leu\u0219teanul erau cam scumpe la vedere. Sem\u0103nate de toamna, prim\u0103vara \u0219ansele lor de \u00eenmul\u021bire sunt mai mari. \u00ce\u021bi spun de ce se \u00eent\u00e2mpl\u0103 asta.<\/p>\n\n\n<div class=\"wp-block-image\">\n<figure class=\"aligncenter size-full\"><img loading=\"lazy\" decoding=\"async\" width=\"495\" height=\"347\" src=\"https:\/\/agroland.ro\/c\/wp-content\/uploads\/2024\/09\/marar-patrunjel-leustean-rotated.jpg\" alt=\"m\u0103rar \u0219i leu\u0219tean\" class=\"wp-image-38607\" srcset=\"https:\/\/agroland.ro\/c\/wp-content\/uploads\/2024\/09\/marar-patrunjel-leustean-rotated.jpg 495w, https:\/\/agroland.ro\/c\/wp-content\/uploads\/2024\/09\/marar-patrunjel-leustean-300x210.jpg 300w\" sizes=\"(max-width: 495px) 100vw, 495px\" \/><\/figure>\n<\/div>\n\n\n<p>Plantele aromatice de baz\u0103 \u00een buc\u0103t\u0103ria rom\u00e2neasc\u0103 sunt p\u0103trunjelul, m\u0103rarul \u0219i leu\u0219teanul, asta \u0219tie toat\u0103 lumea. Dac\u0103 stai la cas\u0103 \u0219i ai o gr\u0103din\u0103 c\u00e2t de mic\u0103, ai posibilitatea s\u0103-\u021bi plantezi c\u00e2teva r\u00e2nduri de plante aromatice, pe care s\u0103 le folose\u0219ti proaspete din gr\u0103din\u0103. Dac\u0103 ai mai \u00eencercat s\u0103 pui semin\u021be de m\u0103rar, leu\u0219tean sau p\u0103trunjel \u0219i nu au ie\u0219it, \u00eencearc\u0103 s\u0103 le semeni de toamna. Bunicile noastre a\u0219a f\u0103ceau. L\u0103sau lujerii cu semin\u021be de m\u0103rar \u0219i leu\u0219tean s\u0103 se scuture natural, iar prim\u0103vara recolta era mai bogat\u0103.<\/p>\n\n\n\n<h2 class=\"wp-block-heading\">De ce s\u0103 plantezi semin\u021bele de m\u0103rar \u0219i leu\u0219tean toamna?<\/h2>\n\n\n\n<p>Sem\u0103natul de toamn\u0103 permite semin\u021belor s\u0103 treac\u0103 printr-o perioad\u0103 de stratificare natural\u0103, prin expunere la frig, ceea ce stimuleaz\u0103 germinarea mai rapid\u0103 \u00een prim\u0103var\u0103. Semin\u021bele plantate toamna vor \u00eencepe s\u0103 germineze odat\u0103 ce solul se \u00eenc\u0103lze\u0219te \u00een prim\u0103vara urm\u0103toare.<\/p>\n\n\n\n<ol class=\"wp-block-list\">\n<li>Perioada rece preg\u0103te\u0219te semin\u021bele pentru o <strong>germinare mai rapid\u0103<\/strong> \u0219i mai uniform\u0103 prim\u0103vara, c\u00e2nd condi\u021biile sunt ideale.<\/li>\n\n\n\n<li>Semin\u021bele plantate toamna pot \u00eencepe<strong> s\u0103 germineze imediat ce solul se \u00eenc\u0103lze\u0219te<\/strong> la \u00eenceputul prim\u0103verii, oferind plantelor un avans fa\u021b\u0103 de cele sem\u0103nate prim\u0103vara.\u00a0<\/li>\n\n\n\n<li>Semin\u021bele sem\u0103nate toamna <strong>au timp s\u0103 dezvolte r\u0103d\u0103cini mai puternice<\/strong> \u0219i mai rezistente datorit\u0103 temperaturilor sc\u0103zute, ceea ce face plantele mai viguroase \u0219i mai bine preg\u0103tite pentru condi\u021biile de secet\u0103 sau c\u0103ldur\u0103 din timpul verii.<\/li>\n\n\n\n<li>Plantele de m\u0103rar \u0219i leu\u0219tean cultivate toamna <strong>beneficiaz\u0103 de precipita\u021biile naturale<\/strong> din toamn\u0103 \u0219i prim\u0103var\u0103, ceea ce reduce nevoia de irigare manual\u0103.<\/li>\n\n\n\n<li>Plantele de m\u0103rar care germineaz\u0103 devreme \u00een prim\u0103var\u0103 au un avantaj fa\u021b\u0103 de buruieni, care \u00eencep s\u0103 creasc\u0103 mai t\u00e2rziu.<\/li>\n<\/ol>\n\n\n\n<p>Sem\u0103natul de toamn\u0103 al m\u0103rarului \u0219i leu\u0219teanului este o metod\u0103 eficient\u0103 de a ob\u021bine o recolt\u0103 s\u0103n\u0103toas\u0103 \u0219i viguroas\u0103. Plantele aromatice influen\u021beaz\u0103 \u00een mod benefic gustul legumelor \u0219i \u00een m\u00e2ncare, dar \u0219i \u00een gr\u0103din\u0103. <a href=\"https:\/\/agroland.ro\/c\/cum-ne-organizam-si-ingrijim-gradina-de-ierburi-aromatice\/\">Asocierile de plante aromatice<\/a>, cu m\u0103rar, coriandru al\u0103turi de cartof sau morcov sunt bune. Ridichile se asociaz\u0103 bine cu salvia. Plantele aromatice au \u0219i efect repelent asupra unor d\u0103un\u0103tori.<\/p>\n\n\n\n<h2 class=\"wp-block-heading\">C\u00e2nd apar semin\u021bele de m\u0103rar?<\/h2>\n\n\n\n<p>M\u0103rarul produce semin\u021be la sf\u00e2r\u0219itul ciclului s\u0103u de cre\u0219tere, de obicei \u00een mijlocul sau spre sf\u00e2r\u0219itul verii, \u00een func\u021bie de momentul \u00een care a fost plantat. Dup\u0103 6-8 s\u0103pt\u0103m\u00e2ni de la plantare, m\u0103rarul \u00eencepe s\u0103 \u00eenfloreasc\u0103. Florile apar sub form\u0103 de inflorescen\u021be mari \u0219i plate, denumite umbele, care sunt compuse din multe flori mici de culoare galben\u0103. Dup\u0103 ce florile se ofilesc, plantele de m\u0103rar \u00eencep s\u0103 formeze semin\u021be \u00een centrul fiec\u0103rei umbele. Acest proces are loc de obicei la 2-3 s\u0103pt\u0103m\u00e2ni dup\u0103 \u00eenflorire.<\/p>\n\n\n\n<p>Semin\u021bele se matureaz\u0103 pe parcursul verii, de obicei \u00eentre<strong> <\/strong>iulie \u0219i septembrie, \u00een func\u021bie de momentul sem\u0103n\u0103rii \u0219i condi\u021biile de mediu. Ele sunt complet coapte atunci c\u00e2nd devin de culoare brun\u0103 sau maro deschis \u0219i se desprind u\u0219or de pe plant\u0103. Pentru recoltarea semin\u021belor de m\u0103rar, trebuie s\u0103 a\u0219tep\u021bi ca acestea s\u0103 fie complet mature \u0219i s\u0103 le culegi \u00eenainte s\u0103 cad\u0103 natural de pe plant\u0103. Le po\u021bi l\u0103sa s\u0103 se scuture natural sau le po\u021bi recolta \u0219i planta unde dore\u0219ti.<\/p>\n\n\n\n<h2 class=\"wp-block-heading\">Cum se face recoltarea semin\u021belor de leu\u0219tean?<\/h2>\n\n\n\n<p>Semin\u021bele de leu\u0219tean se formeaz\u0103 dup\u0103 ce planta \u00eenflore\u0219te, de obicei spre sf\u00e2r\u0219itul verii sau \u00eenceputul toamnei, \u00een lunile iulie-septembrie. Semin\u021bele sunt gata de recoltat atunci c\u00e2nd capetele florale devin maro \u0219i semin\u021bele cap\u0103t\u0103 o culoare brun\u0103 sau galben-maronie. La acest punct, semin\u021bele sunt uscate \u0219i u\u0219or de desprins de pe plant\u0103.<\/p>\n\n\n\n<p>C\u00e2nd semin\u021bele sunt mature, taie \u00eentreaga umbrel\u0103 cu o foarfec\u0103 sau un cu\u021bit ascu\u021bit. Dac\u0103 nu vrei s\u0103 la\u0219i semin\u021bele s\u0103 se scuture natural, taie florile diminea\u021ba devreme, c\u00e2nd aerul este \u00eenc\u0103 umed, pentru a evita pierderea semin\u021belor prin c\u0103dere.<\/p>\n\n\n\n<p>Dup\u0103 ce umbrelor s-au uscat complet, semin\u021bele pot fi scuturate u\u0219or de pe tulpini. Freac\u0103 u\u0219or umbrelor \u00eentre m\u00e2ini pentru a desprinde semin\u021bele r\u0103mase. Semin\u021bele de leu\u0219tean pot r\u0103m\u00e2ne viabile p\u00e2n\u0103 la 3 ani dac\u0103 sunt depozitate corect, permi\u021b\u00e2ndu-\u021bi s\u0103 le plantezi \u00een sezoanele viitoare.<\/p>\n\n\n\n<figure class=\"wp-block-image size-full\"><a href=\"https:\/\/agroland.ro\/c\/ghiduri-gradina-de-legume\/\"><img loading=\"lazy\" decoding=\"async\" width=\"500\" height=\"200\" src=\"https:\/\/agroland.ro\/c\/wp-content\/uploads\/2021\/07\/Substrat-Universal-Agroland-1.png\" alt=\"\" class=\"wp-image-23937\" srcset=\"https:\/\/agroland.ro\/c\/wp-content\/uploads\/2021\/07\/Substrat-Universal-Agroland-1.png 500w, https:\/\/agroland.ro\/c\/wp-content\/uploads\/2021\/07\/Substrat-Universal-Agroland-1-300x120.png 300w\" sizes=\"(max-width: 500px) 100vw, 500px\" \/><\/a><\/figure>\n\n\n<div class=\"wp-block-image\">\n<figure class=\"aligncenter size-large\"><a href=\"https:\/\/agroland.ro\/c\/magazinele-noastre\/\"><img loading=\"lazy\" decoding=\"async\" width=\"1024\" height=\"409\" src=\"https:\/\/agroland.ro\/c\/wp-content\/uploads\/2021\/07\/Banner-adrese-magazine-1024x409.png\" alt=\"buton Adrese magazine agroland\" class=\"wp-image-23940\" srcset=\"https:\/\/agroland.ro\/c\/wp-content\/uploads\/2021\/07\/Banner-adrese-magazine-1024x409.png 1024w, https:\/\/agroland.ro\/c\/wp-content\/uploads\/2021\/07\/Banner-adrese-magazine-300x120.png 300w, https:\/\/agroland.ro\/c\/wp-content\/uploads\/2021\/07\/Banner-adrese-magazine-768x307.png 768w, https:\/\/agroland.ro\/c\/wp-content\/uploads\/2021\/07\/Banner-adrese-magazine-1000x400.png 1000w, https:\/\/agroland.ro\/c\/wp-content\/uploads\/2021\/07\/Banner-adrese-magazine-500x200.png 500w, https:\/\/agroland.ro\/c\/wp-content\/uploads\/2021\/07\/Banner-adrese-magazine.png 1183w\" sizes=\"(max-width: 1024px) 100vw, 1024px\" \/><\/a><\/figure>\n<\/div>","protected":false},"excerpt":{"rendered":"<p>Bunica mea drag\u0103 \u00eemi spunea mereu c\u0103 m\u0103rarul \u0219i leu\u0219teanul cresc mai bine dac\u0103 sunt sem\u0103nate din toamn\u0103. P\u0103trunjelul cre\u0219tea oricum foarte mult, \u00een repetate r\u00e2nduri, chiar dac\u0103 era sem\u0103nat prim\u0103vara, dar m\u0103rarul \u0219i leu\u0219teanul erau cam scumpe la vedere. Sem\u0103nate de toamna, prim\u0103vara \u0219ansele lor de \u00eenmul\u021bire sunt mai mari. \u00ce\u021bi spun de ce&hellip; <a class=\"more-link\" href=\"https:\/\/agroland.ro\/c\/seminte-de-marar-si-leustean-semanate-toamna\/\">Continu\u0103 lectura <span class=\"screen-reader-text\">Seam\u0103n\u0103  semin\u021bele de m\u0103rar \u0219i leu\u0219tean toamna, vei avea o surpriz\u0103 pl\u0103cut\u0103 \u00een prim\u0103var\u0103<\/span><\/a><\/p>\n","protected":false},"author":27,"featured_media":38607,"comment_status":"closed","ping_status":"closed","sticky":false,"template":"","format":"standard","meta":{"_acf_changed":false,"_et_pb_use_builder":"","_et_pb_old_content":"","_et_gb_content_width":"","inline_featured_image":false,"footnotes":""},"categories":[39,103,40],"tags":[],"class_list":["post-38606","post","type-post","status-publish","format-standard","has-post-thumbnail","hentry","category-blog","category-gradina-livada","category-specialistul-agroland","entry"],"acf":[],"_links":{"self":[{"href":"https:\/\/agroland.ro\/c\/wp-json\/wp\/v2\/posts\/38606","targetHints":{"allow":["GET"]}}],"collection":[{"href":"https:\/\/agroland.ro\/c\/wp-json\/wp\/v2\/posts"}],"about":[{"href":"https:\/\/agroland.ro\/c\/wp-json\/wp\/v2\/types\/post"}],"author":[{"embeddable":true,"href":"https:\/\/agroland.ro\/c\/wp-json\/wp\/v2\/users\/27"}],"replies":[{"embeddable":true,"href":"https:\/\/agroland.ro\/c\/wp-json\/wp\/v2\/comments?post=38606"}],"version-history":[{"count":2,"href":"https:\/\/agroland.ro\/c\/wp-json\/wp\/v2\/posts\/38606\/revisions"}],"predecessor-version":[{"id":38609,"href":"https:\/\/agroland.ro\/c\/wp-json\/wp\/v2\/posts\/38606\/revisions\/38609"}],"wp:featuredmedia":[{"embeddable":true,"href":"https:\/\/agroland.ro\/c\/wp-json\/wp\/v2\/media\/38607"}],"wp:attachment":[{"href":"https:\/\/agroland.ro\/c\/wp-json\/wp\/v2\/media?parent=38606"}],"wp:term":[{"taxonomy":"category","embeddable":true,"href":"https:\/\/agroland.ro\/c\/wp-json\/wp\/v2\/categories?post=38606"},{"taxonomy":"post_tag","embeddable":true,"href":"https:\/\/agroland.ro\/c\/wp-json\/wp\/v2\/tags?post=38606"}],"curies":[{"name":"wp","href":"https:\/\/api.w.org\/{rel}","templated":true}]}}