{"id":39670,"date":"2025-02-12T06:14:00","date_gmt":"2025-02-12T04:14:00","guid":{"rendered":"https:\/\/agroland.ro\/c\/?p=39670"},"modified":"2025-02-11T22:33:18","modified_gmt":"2025-02-11T20:33:18","slug":"cartofi-de-samanta-cele-mai-bune-soiuri","status":"publish","type":"post","link":"https:\/\/agroland.ro\/c\/cartofi-de-samanta-cele-mai-bune-soiuri\/","title":{"rendered":"Cartofi de s\u0103m\u00e2n\u021b\u0103 &#8211; cele mai bune soiuri"},"content":{"rendered":"\n<p>Cartoful de s\u0103m\u00e2n\u021b\u0103 este un tubercul special selectat \u0219i tratat pentru a fi folosit la \u00eenfiin\u021barea noilor culturi de cartofi. Acesta este produs \u0219i certificat conform unor standarde stricte pentru a garanta s\u0103n\u0103tatea \u0219i productivitatea culturilor. Tuberculii de cartofi de s\u0103m\u00e2n\u021b\u0103 nu sunt cortofi de consum, de aceea sunt mai scumpi \u0219i se v\u00e2nd \u00een condi\u021bii speciale.<\/p>\n\n\n<div class=\"wp-block-image\">\n<figure class=\"aligncenter size-large\"><img loading=\"lazy\" decoding=\"async\" width=\"1024\" height=\"735\" src=\"https:\/\/agroland.ro\/c\/wp-content\/uploads\/2022\/03\/cartofi-plantare-1024x735.png\" alt=\"cartofi de s\u0103m\u00e2n\u021b\u0103\" class=\"wp-image-29557\" srcset=\"https:\/\/agroland.ro\/c\/wp-content\/uploads\/2022\/03\/cartofi-plantare-1024x735.png 1024w, https:\/\/agroland.ro\/c\/wp-content\/uploads\/2022\/03\/cartofi-plantare-300x215.png 300w, https:\/\/agroland.ro\/c\/wp-content\/uploads\/2022\/03\/cartofi-plantare-768x551.png 768w, https:\/\/agroland.ro\/c\/wp-content\/uploads\/2022\/03\/cartofi-plantare-1000x717.png 1000w, https:\/\/agroland.ro\/c\/wp-content\/uploads\/2022\/03\/cartofi-plantare-500x359.png 500w, https:\/\/agroland.ro\/c\/wp-content\/uploads\/2022\/03\/cartofi-plantare.png 1125w\" sizes=\"(max-width: 1024px) 100vw, 1024px\" \/><\/figure>\n<\/div>\n<ol class=\"wp-block-list\">\n<li><a href=\"#cum\">Cum se preg\u0103te\u0219te cartoful de s\u0103m\u00e2n\u021b\u0103<\/a><\/li>\n\n\n\n<li><a href=\"#bellarosa\">Cartofi de s\u0103m\u00e2n\u021b\u0103 Bellarossa<\/a><\/li>\n\n\n\n<li><a href=\"#carrera\">Cartofi de s\u0103m\u00e2n\u021b\u0103 Carrera<\/a><\/li>\n<\/ol>\n<!-- \/wp:post-content -->\n\n<!-- wp:heading -->\n<h2 class=\"wp-block-heading\">Diferen\u021ba dintre cartofii de s\u0103m\u00e2n\u021b\u0103 \u0219i cei pentru consum<\/h2>\n<!-- \/wp:heading -->\n\n<!-- wp:paragraph -->\n<p>Dac\u0103 te \u00eentrebi ce este at\u00e2t de special la cartofii de s\u0103m\u00e2n\u021b\u0103 \u00eenc\u00e2t uneori sunt mai scumpi \u0219i mai greu de achizi\u021bionat dec\u00e2t cartofii de consum, am l\u0103muriri pentru tine. \u00cen primul r\u00e2nd, s\u0103 vedem care sunt diferen\u021bele \u00eentre tuberculii pentru s\u0103m\u00e2n\u021b\u0103 \u0219i cei de consum.<\/p>\n<!-- \/wp:paragraph -->\n\n<!-- wp:table -->\n<figure class=\"wp-block-table\"><table class=\"has-fixed-layout\"><tbody><tr><td><strong>Caracteristic\u0103<\/strong><\/td><td>? <strong>Cartof de s\u0103m\u00e2n\u021b\u0103<\/strong><\/td><td> ? <strong>Cartof pentru consum<\/strong><\/td><\/tr><tr><td><strong>Scop<\/strong><\/td><td>Destinat \u00eenmul\u021birii<\/td><td>Consumat ca aliment<\/td><\/tr><tr><td><strong>Calitate fitosanitar\u0103<\/strong><\/td><td>Certificat, lipsit de boli<\/td><td>Nu este controlat pentru plantare<\/td><\/tr><tr><td><strong>Tratament special<\/strong><\/td><td>Poate fi tratat cu substan\u021be care previn bolile<\/td><td>Nu necesit\u0103 tratament<\/td><\/tr><tr><td><strong>Dimensiune<\/strong><\/td><td>De obicei mai mic (30-60 g)<\/td><td>Variaz\u0103, de obicei mai mare<\/td><\/tr><tr><td><strong>Viabilitate<\/strong><\/td><td>Se alege pentru o bun\u0103 capacitate de germinare<\/td><td>Nu este selectat pentru plantare<\/td><\/tr><\/tbody><\/table><\/figure>\n<!-- \/wp:table -->\n\n<!-- wp:paragraph -->\n<p>Cartofii de consum nu sunt recomanda\u021bi pentru plantare, deoarece pot fi trata\u021bi cu substan\u021be care \u00eempiedic\u0103 germinarea sau pot transporta boli ce afecteaz\u0103 viitoarea cultur\u0103.<\/p>\n<!-- \/wp:paragraph -->\n\n<!-- wp:heading -->\n<h2 class=\"wp-block-heading\" id=\"cum\">Cum se preg\u0103te\u0219te cartoful de s\u0103m\u00e2n\u021b\u0103<\/h2>\n<!-- \/wp:heading -->\n\n<!-- wp:list {\"ordered\":true} -->\n<ol class=\"wp-block-list\"><!-- wp:list-item -->\n<li><strong>Selectarea \u0219i preg\u0103tirea tuberculilor<\/strong><!-- wp:list -->\n<ul class=\"wp-block-list\"><!-- wp:list-item -->\n<li>Se aleg tuberculi s\u0103n\u0103to\u0219i, de dimensiuni potrivite (30-60 g).<\/li>\n<!-- \/wp:list-item -->\n\n<!-- wp:list-item -->\n<li>Se p\u0103streaz\u0103 la temperaturi de 10-15\u00b0C pentru preg\u0103tirea germin\u0103rii.<\/li>\n<!-- \/wp:list-item -->\n\n<!-- wp:list-item -->\n<li>Op\u021bional, se pot t\u0103ia cartofii mai mari, asigur\u00e2ndu-se c\u0103 fiecare bucat\u0103 are cel pu\u021bin un ochi viabil.<\/li>\n<!-- \/wp:list-item --><\/ul>\n<!-- \/wp:list --><\/li>\n<!-- \/wp:list-item -->\n\n<!-- wp:list-item -->\n<li><strong>Tratamentul fitosanitar<\/strong><!-- wp:list -->\n<ul class=\"wp-block-list\"><!-- wp:list-item -->\n<li>Se pot aplica fungicide \u0219i insecticide pentru a preveni bolile \u0219i d\u0103un\u0103torii.<\/li>\n<!-- \/wp:list-item --><\/ul>\n<!-- \/wp:list --><\/li>\n<!-- \/wp:list-item -->\n\n<!-- wp:list-item -->\n<li><strong>Plantarea<\/strong><!-- wp:list -->\n<ul class=\"wp-block-list\"><!-- wp:list-item -->\n<li>Se planteaz\u0103 la o ad\u00e2ncime de 8-12 cm, cu o distan\u021b\u0103 de <strong>30-35 cm \u00eentre plante \u0219i 70-75 cm \u00eentre r\u00e2nduri<\/strong>.<\/li>\n<!-- \/wp:list-item -->\n\n<!-- wp:list-item -->\n<li>Se recomand\u0103 soluri bine drenate \u0219i temperaturi de peste 8\u00b0C la sol pentru o bun\u0103 dezvoltare.<\/li>\n<!-- \/wp:list-item --><\/ul>\n<!-- \/wp:list --><\/li>\n<!-- \/wp:list-item -->\n\n<!-- wp:list-item -->\n<li><strong>\u00cengrijirea culturii<\/strong><!-- wp:list -->\n<ul class=\"wp-block-list\"><!-- wp:list-item -->\n<li>Se aplic\u0103 udare, fertilizare \u0219i tratamente \u00eempotriva bolilor \u0219i d\u0103un\u0103torilor.<\/li>\n<!-- \/wp:list-item --><\/ul>\n<!-- \/wp:list --><\/li>\n<!-- \/wp:list-item --><\/ol>\n<!-- \/wp:list -->\n\n<!-- wp:heading -->\n<h2 class=\"wp-block-heading\" id=\"bellarosa\">Cartofi de s\u0103m\u00e2n\u021b\u0103 Bellarosa<\/h2>\n<!-- \/wp:heading -->\n\n<!-- wp:image {\"id\":39677,\"sizeSlug\":\"full\",\"linkDestination\":\"none\",\"align\":\"center\"} -->\n<figure class=\"wp-block-image aligncenter size-full\"><img loading=\"lazy\" decoding=\"async\" width=\"576\" height=\"358\" src=\"https:\/\/agroland.ro\/c\/wp-content\/uploads\/2025\/02\/cartofi-de-samanta-bellarosa.jpg\" alt=\"\" class=\"wp-image-39677\" srcset=\"https:\/\/agroland.ro\/c\/wp-content\/uploads\/2025\/02\/cartofi-de-samanta-bellarosa.jpg 576w, https:\/\/agroland.ro\/c\/wp-content\/uploads\/2025\/02\/cartofi-de-samanta-bellarosa-300x186.jpg 300w, https:\/\/agroland.ro\/c\/wp-content\/uploads\/2025\/02\/cartofi-de-samanta-bellarosa-400x250.jpg 400w, https:\/\/agroland.ro\/c\/wp-content\/uploads\/2025\/02\/cartofi-de-samanta-bellarosa-500x311.jpg 500w\" sizes=\"(max-width: 576px) 100vw, 576px\" \/><\/figure>\n<!-- \/wp:image -->\n\n<!-- wp:paragraph -->\n<p>Dezvoltat de cresc\u0103tori germani la \u00eenceputul anilor 2000, soiul de cartofi de s\u0103m\u00e2n\u021b\u0103 Belarossa a c\u00e2\u0219tigat rapid popularitate \u00een Europa de Est datorit\u0103 gustului s\u0103u deosebit \u0219i randamentului ridicat.<\/p>\n<!-- \/wp:paragraph -->\n\n<!-- wp:list -->\n<ul class=\"wp-block-list\"><!-- wp:list-item -->\n<li><strong>Maturitate<\/strong>: extra-timpuriu, cu o perioad\u0103 de vegeta\u021bie de 50-60 de zile.<\/li>\n<!-- \/wp:list-item -->\n\n<!-- wp:list-item -->\n<li><strong>Tuberculi<\/strong>: mari, ovali, cu coaj\u0103 ro\u0219ie \u0219i miez galben deschis.<\/li>\n<!-- \/wp:list-item -->\n\n<!-- wp:list-item -->\n<li><strong>Productivitate<\/strong>: produc\u021bia poate varia \u00eentre 35 \u0219i 50 de tone pe hectar.<\/li>\n<!-- \/wp:list-item -->\n\n<!-- wp:list-item -->\n<li><strong>Rezisten\u021b\u0103<\/strong>: Bellarosa are cerin\u0163e minime spre medii cu privire la sol \u015fi la necesarul de ap\u0103. Este foarte rezistent la re\u00eencol\u0163ire.<\/li>\n<!-- \/wp:list-item --><\/ul>\n<!-- \/wp:list -->\n\n<!-- wp:paragraph -->\n<p><strong>Calit\u0103\u021bi culinare<\/strong><\/p>\n<!-- \/wp:paragraph -->\n\n<!-- wp:paragraph -->\n<p>&nbsp;Miezul cartofului Belarossa este galben deschis are decolorare sc\u0103zut\u0103 dup\u0103 preparare. S\u0103\u021bios, cu o textur\u0103 u\u0219or dulceag\u0103, este perfect pentru salatele de cartof \u0219i salata de boeuf pentru c\u0103 se taie frumos, f\u0103r\u0103 a se sf\u0103r\u00e2me.<\/p>\n<!-- \/wp:paragraph -->\n\n<!-- wp:paragraph -->\n<p><strong>Cartof ro\u015fu Bellarosa rezisten\u021be la boli\u00a0<\/strong><\/p>\n<!-- \/wp:paragraph -->\n\n<!-- wp:list -->\n<ul class=\"wp-block-list\"><!-- wp:list-item -->\n<li>Rezisten\u021b\u0103 la nematozi (PCN) Ro 1, Ro 4<\/li>\n<!-- \/wp:list-item -->\n\n<!-- wp:list-item -->\n<li>Rezisten\u021b\u0103 medie ridicat\u0103 la man\u0103 pe foliaj<\/li>\n<!-- \/wp:list-item -->\n\n<!-- wp:list-item -->\n<li>Rezisten\u021b\u0103 medie ridicat\u0103 la man\u0103 pe tubercul<\/li>\n<!-- \/wp:list-item -->\n\n<!-- wp:list-item -->\n<li>Rezisten\u021b\u0103 ridicat\u0103 &#8211; medie la r\u00e2ia comun\u0103<\/li>\n<!-- \/wp:list-item -->\n\n<!-- wp:list-item -->\n<li>Rezisten\u021b\u0103 medie &#8211; ridicat\u0103 la rhizoctonia Rezisten\u021b\u0103 foarte ridicat\u0103 la boli virale<\/li>\n<!-- \/wp:list-item --><\/ul>\n<!-- \/wp:list -->\n\n<!-- wp:heading -->\n<h2 class=\"wp-block-heading\" id=\"carrera\">Cartofi de s\u0103m\u00e2n\u021b\u0103 Carrera<\/h2>\n<!-- \/wp:heading -->\n\n<!-- wp:image {\"id\":39679,\"sizeSlug\":\"full\",\"linkDestination\":\"none\",\"align\":\"center\"} -->\n<figure class=\"wp-block-image aligncenter size-full\"><img loading=\"lazy\" decoding=\"async\" width=\"581\" height=\"354\" src=\"https:\/\/agroland.ro\/c\/wp-content\/uploads\/2025\/02\/cartofi-de-samamnta-carrera.jpg\" alt=\"\" class=\"wp-image-39679\" srcset=\"https:\/\/agroland.ro\/c\/wp-content\/uploads\/2025\/02\/cartofi-de-samamnta-carrera.jpg 581w, https:\/\/agroland.ro\/c\/wp-content\/uploads\/2025\/02\/cartofi-de-samamnta-carrera-300x183.jpg 300w, https:\/\/agroland.ro\/c\/wp-content\/uploads\/2025\/02\/cartofi-de-samamnta-carrera-500x305.jpg 500w\" sizes=\"(max-width: 581px) 100vw, 581px\" \/><\/figure>\n<!-- \/wp:image -->\n\n<!-- wp:paragraph -->\n<p><a href=\"https:\/\/agroland.ro\/gradina-si-livada\/1237-cartofi-de-samanta-carrera-5-kg.html\">Cartofii de s\u0103m\u00e2n\u021b\u0103 Carrera <\/a>sunt albi, soi timpuriu, cu coaj\u0103 galben\u0103 \u0219i miez galben deschis, apreciat pentru randament ridicat \u0219i rezisten\u021b\u0103 la boli. Are tuberculi ovali, netezi, cu ochi superficiali. Potrivit pentru consum \u0219i procesare, ofer\u0103 o recolt\u0103 uniform\u0103 \u0219i toleran\u021b\u0103 bun\u0103 la condi\u021bii climatice variabile.<\/p>\n<!-- \/wp:paragraph -->\n\n<!-- wp:list -->\n<ul class=\"wp-block-list\"><!-- wp:list-item -->\n<li><strong>Maturitate<\/strong>: timpuriu, cu o perioad\u0103 de vegeta\u021bie de aproximativ 77 de zile.<\/li>\n<!-- \/wp:list-item -->\n\n<!-- wp:list-item -->\n<li><strong>Tuberculi<\/strong>: albi, de form\u0103 oval\u0103, cu textur\u0103 ferm\u0103.<\/li>\n<!-- \/wp:list-item -->\n\n<!-- wp:list-item -->\n<li><strong>Productivitate<\/strong>: renumit pentru gradul ridicat de productivitate, cu recolte bogate. 9-11 tuberculi per plant\u0103<\/li>\n<!-- \/wp:list-item -->\n\n<!-- wp:list-item -->\n<li><strong>Calit\u0103\u021bi culinare<\/strong>: Ideali at\u00e2t pentru fierbere, c\u00e2t \u0219i pentru pr\u0103jire, miezul nu se \u00eenchide la culoare dup\u0103 g\u0103tire.<\/li>\n<!-- \/wp:list-item --><\/ul>\n<!-- \/wp:list -->\n\n<!-- wp:paragraph -->\n<p><strong>Calit\u0103\u021bi culinare<\/strong><\/p>\n<!-- \/wp:paragraph -->\n\n<!-- wp:paragraph -->\n<p>\u00a0Miezul cartofului Carrera este galben are decolorare sc\u0103zut\u0103 dup\u0103 preparare. S\u0103\u021bios, cu o textur\u0103 bogat\u0103, este perfect pentru ciorbe, piure, pr\u0103\u0219it, toc\u0103ni\u021be \u0219i alte m\u00e2nc\u0103ruri tradi\u021bionale. Se fierbe repede \u0219i d\u0103 consisten\u021b\u0103 m\u00e2nc\u0103rurilor.<\/p>\n<!-- \/wp:paragraph -->\n\n<!-- wp:paragraph -->\n<p><strong>Cartof ro\u015fu Carrera rezisten\u021be la boli<\/strong><\/p>\n<!-- \/wp:paragraph -->\n\n<!-- wp:list -->\n<ul class=\"wp-block-list\"><!-- wp:list-item -->\n<li>Rezisten\u021b\u0103 PCN Rezistent la Ro1<\/li>\n<!-- \/wp:list-item -->\n\n<!-- wp:list-item -->\n<li>Rezistenta PCN Rezistenta Ro2\/3<\/li>\n<!-- \/wp:list-item -->\n\n<!-- wp:list-item -->\n<li>Pu\u021bin sensibil la echimoze interne&nbsp;<\/li>\n<!-- \/wp:list-item -->\n\n<!-- wp:list-item -->\n<li>Destul de sensibil\u0103 la tulburarea cartofilor mici&nbsp;<\/li>\n<!-- \/wp:list-item -->\n\n<!-- wp:list-item -->\n<li>Susceptibil la Boala negului fysio 1, fysio 2,&nbsp; fysio 18<\/li>\n<!-- \/wp:list-item -->\n\n<!-- wp:list-item -->\n<li>Rezistent la Boala negului fysio 6,&nbsp;&nbsp;<\/li>\n<!-- \/wp:list-item -->\n\n<!-- wp:list-item -->\n<li>Pu\u021bin sensibil la spraying&nbsp;<\/li>\n<!-- \/wp:list-item -->\n\n<!-- wp:list-item -->\n<li>Frunzele Blight Susceptibil<\/li>\n<!-- \/wp:list-item -->\n\n<!-- wp:list-item -->\n<li>Rezistent la infec\u021bia tuberculilor<\/li>\n<!-- \/wp:list-item --><\/ul>\n<!-- \/wp:list -->\n\n<!-- wp:image {\"lightbox\":{\"enabled\":false},\"id\":23937,\"sizeSlug\":\"full\",\"linkDestination\":\"custom\",\"align\":\"center\"} -->\n<figure class=\"wp-block-image aligncenter size-full\"><a href=\"https:\/\/agroland.ro\/c\/ghiduri-gradina-de-legume\/\"><img loading=\"lazy\" decoding=\"async\" width=\"500\" height=\"200\" src=\"https:\/\/agroland.ro\/c\/wp-content\/uploads\/2021\/07\/Substrat-Universal-Agroland-1.png\" alt=\"\" class=\"wp-image-23937\" srcset=\"https:\/\/agroland.ro\/c\/wp-content\/uploads\/2021\/07\/Substrat-Universal-Agroland-1.png 500w, https:\/\/agroland.ro\/c\/wp-content\/uploads\/2021\/07\/Substrat-Universal-Agroland-1-300x120.png 300w\" sizes=\"(max-width: 500px) 100vw, 500px\" \/><\/a><\/figure>\n<!-- \/wp:image -->\n\n<!-- wp:image {\"lightbox\":{\"enabled\":false},\"id\":23940,\"sizeSlug\":\"large\",\"linkDestination\":\"custom\",\"align\":\"center\"} -->\n<figure class=\"wp-block-image aligncenter size-large\"><a href=\"https:\/\/agroland.ro\/c\/magazinele-noastre\/\"><img loading=\"lazy\" decoding=\"async\" width=\"1024\" height=\"409\" src=\"https:\/\/agroland.ro\/c\/wp-content\/uploads\/2021\/07\/Banner-adrese-magazine-1024x409.png\" alt=\"buton Adrese magazine agroland\" class=\"wp-image-23940\" srcset=\"https:\/\/agroland.ro\/c\/wp-content\/uploads\/2021\/07\/Banner-adrese-magazine-1024x409.png 1024w, https:\/\/agroland.ro\/c\/wp-content\/uploads\/2021\/07\/Banner-adrese-magazine-300x120.png 300w, https:\/\/agroland.ro\/c\/wp-content\/uploads\/2021\/07\/Banner-adrese-magazine-768x307.png 768w, https:\/\/agroland.ro\/c\/wp-content\/uploads\/2021\/07\/Banner-adrese-magazine-1000x400.png 1000w, https:\/\/agroland.ro\/c\/wp-content\/uploads\/2021\/07\/Banner-adrese-magazine-500x200.png 500w, https:\/\/agroland.ro\/c\/wp-content\/uploads\/2021\/07\/Banner-adrese-magazine.png 1183w\" sizes=\"(max-width: 1024px) 100vw, 1024px\" \/><\/a><\/figure>\n<!-- \/wp:image -->","protected":false},"excerpt":{"rendered":"<p>Cartoful de s\u0103m\u00e2n\u021b\u0103 este un tubercul special selectat \u0219i tratat pentru a fi folosit la \u00eenfiin\u021barea noilor culturi de cartofi. Acesta este produs \u0219i certificat conform unor standarde stricte pentru a garanta s\u0103n\u0103tatea \u0219i productivitatea culturilor. Tuberculii de cartofi de s\u0103m\u00e2n\u021b\u0103 nu sunt cortofi de consum, de aceea sunt mai scumpi \u0219i se v\u00e2nd \u00een&hellip; <a class=\"more-link\" href=\"https:\/\/agroland.ro\/c\/cartofi-de-samanta-cele-mai-bune-soiuri\/\">Continu\u0103 lectura <span class=\"screen-reader-text\">Cartofi de s\u0103m\u00e2n\u021b\u0103 &#8211; cele mai bune soiuri<\/span><\/a><\/p>\n","protected":false},"author":27,"featured_media":39671,"comment_status":"closed","ping_status":"closed","sticky":false,"template":"","format":"standard","meta":{"_acf_changed":false,"_et_pb_use_builder":"off","_et_pb_old_content":"","_et_gb_content_width":"","inline_featured_image":false,"footnotes":""},"categories":[39,103,40],"tags":[2429],"class_list":["post-39670","post","type-post","status-publish","format-standard","has-post-thumbnail","hentry","category-blog","category-gradina-livada","category-specialistul-agroland","tag-cartofi-de-samanta","entry"],"acf":[],"_links":{"self":[{"href":"https:\/\/agroland.ro\/c\/wp-json\/wp\/v2\/posts\/39670","targetHints":{"allow":["GET"]}}],"collection":[{"href":"https:\/\/agroland.ro\/c\/wp-json\/wp\/v2\/posts"}],"about":[{"href":"https:\/\/agroland.ro\/c\/wp-json\/wp\/v2\/types\/post"}],"author":[{"embeddable":true,"href":"https:\/\/agroland.ro\/c\/wp-json\/wp\/v2\/users\/27"}],"replies":[{"embeddable":true,"href":"https:\/\/agroland.ro\/c\/wp-json\/wp\/v2\/comments?post=39670"}],"version-history":[{"count":9,"href":"https:\/\/agroland.ro\/c\/wp-json\/wp\/v2\/posts\/39670\/revisions"}],"predecessor-version":[{"id":39689,"href":"https:\/\/agroland.ro\/c\/wp-json\/wp\/v2\/posts\/39670\/revisions\/39689"}],"wp:featuredmedia":[{"embeddable":true,"href":"https:\/\/agroland.ro\/c\/wp-json\/wp\/v2\/media\/39671"}],"wp:attachment":[{"href":"https:\/\/agroland.ro\/c\/wp-json\/wp\/v2\/media?parent=39670"}],"wp:term":[{"taxonomy":"category","embeddable":true,"href":"https:\/\/agroland.ro\/c\/wp-json\/wp\/v2\/categories?post=39670"},{"taxonomy":"post_tag","embeddable":true,"href":"https:\/\/agroland.ro\/c\/wp-json\/wp\/v2\/tags?post=39670"}],"curies":[{"name":"wp","href":"https:\/\/api.w.org\/{rel}","templated":true}]}}